{"id":38602,"date":"2023-09-07T15:42:31","date_gmt":"2023-09-07T13:42:31","guid":{"rendered":"https:\/\/iaber.it\/?p=38602"},"modified":"2023-09-07T16:19:25","modified_gmt":"2023-09-07T14:19:25","slug":"on-sera-a-sommet-de-lelevage-2023","status":"publish","type":"post","link":"https:\/\/iaber.it\/fr\/evenements\/on-sera-a-sommet-de-lelevage-2023\/","title":{"rendered":"ON SERA \u00e0 SOMMET DE L\u2019ELEVAGE 2023"},"content":{"rendered":"<p>Du 3 au 6 octobre le staff de Cryofarm-Iaber sera au SOMMET DE L\u2019ELEVAGE 2023 \u00e0 La Grande Halle d\u2019Auvergne Clemont Ferrand, en France.<\/p>\n<p>Venez nous voir dans la HALL 1, au stand A39 avec notre grande vari\u00e9t\u00e9 d\u2019\u00e9quipements de zootechnie et v\u00e9t\u00e9rinaire et notre large choix de r\u00e9servoirs pour azote liquide. Nous serons pr\u00e9sents avec nos marques Cryofarm et Iaber, ainsi qu\u2019avec tous les nouveaux produits de l\u2019ann\u00e9e 2024.<\/p>\n<p>L\u2019\u00c9quipe Cryofarm<\/p>\n","protected":false},"excerpt":{"rendered":"<p>Du 3 au 6 octobre le staff de Cryofarm-Iaber sera au SOMMET DE L\u2019ELEVAGE 2023 \u00e0 La Grande Halle d\u2019Auvergne Clemont Ferrand, en France. Venez nous voir dans la HALL 1, au stand A39 avec notre grande vari\u00e9t\u00e9 d\u2019\u00e9quipements de zootechnie et v\u00e9t\u00e9rinaire et notre large choix de r\u00e9servoirs pour azote liquide. Nous serons pr\u00e9sents&hellip;<\/p>\n","protected":false},"author":3,"featured_media":38609,"comment_status":"closed","ping_status":"closed","sticky":false,"template":"","format":"standard","meta":{"inline_featured_image":false,"_jetpack_memberships_contains_paid_content":false,"footnotes":""},"categories":[1189],"tags":[],"class_list":["post-38602","post","type-post","status-publish","format-standard","has-post-thumbnail","hentry","category-evenements","category-1189","description-off"],"yoast_head":"<!-- This site is optimized with the Yoast SEO plugin v25.9 - https:\/\/yoast.com\/wordpress\/plugins\/seo\/ -->\n<title>ON SERA \u00e0 SOMMET DE L\u2019ELEVAGE 2023 &#8211; Iaber innovation<\/title>\n<meta name=\"robots\" content=\"index, follow, max-snippet:-1, max-image-preview:large, max-video-preview:-1\" \/>\n<link rel=\"canonical\" href=\"https:\/\/iaber.it\/fr\/eventi-e-fiere-fr\/on-sera-a-sommet-de-lelevage-2023\/\" \/>\n<meta property=\"og:locale\" content=\"fr_FR\" \/>\n<meta property=\"og:type\" content=\"article\" \/>\n<meta property=\"og:title\" content=\"ON SERA \u00e0 SOMMET DE L\u2019ELEVAGE 2023 &#8211; Iaber innovation\" \/>\n<meta property=\"og:description\" content=\"Du 3 au 6 octobre le staff de Cryofarm-Iaber sera au SOMMET DE L\u2019ELEVAGE 2023 \u00e0 La Grande Halle d\u2019Auvergne Clemont Ferrand, en France. Venez nous voir dans la HALL 1, au stand A39 avec notre grande vari\u00e9t\u00e9 d\u2019\u00e9quipements de zootechnie et v\u00e9t\u00e9rinaire et notre large choix de r\u00e9servoirs pour azote liquide. Nous serons pr\u00e9sents&hellip;\" \/>\n<meta property=\"og:url\" content=\"https:\/\/iaber.it\/fr\/eventi-e-fiere-fr\/on-sera-a-sommet-de-lelevage-2023\/\" \/>\n<meta property=\"og:site_name\" content=\"Iaber innovation\" \/>\n<meta property=\"article:published_time\" content=\"2023-09-07T13:42:31+00:00\" \/>\n<meta property=\"article:modified_time\" content=\"2023-09-07T14:19:25+00:00\" \/>\n<meta property=\"og:image\" content=\"https:\/\/iaber.it\/wp-content\/uploads\/2023\/09\/sommet-2023.jpg\" \/>\n\t<meta property=\"og:image:width\" content=\"1024\" \/>\n\t<meta property=\"og:image:height\" content=\"575\" \/>\n\t<meta property=\"og:image:type\" content=\"image\/jpeg\" \/>\n<meta name=\"author\" content=\"michele\" \/>\n<meta name=\"twitter:card\" content=\"summary_large_image\" \/>\n<meta name=\"twitter:label1\" content=\"\u00c9crit par\" \/>\n\t<meta name=\"twitter:data1\" content=\"michele\" \/>\n\t<meta name=\"twitter:label2\" content=\"Dur\u00e9e de lecture estim\u00e9e\" \/>\n\t<meta name=\"twitter:data2\" content=\"1 minute\" \/>\n<!-- \/ Yoast SEO plugin. -->","yoast_head_json":{"title":"ON SERA \u00e0 SOMMET DE L\u2019ELEVAGE 2023 &#8211; Iaber innovation","robots":{"index":"index","follow":"follow","max-snippet":"max-snippet:-1","max-image-preview":"max-image-preview:large","max-video-preview":"max-video-preview:-1"},"canonical":"https:\/\/iaber.it\/fr\/eventi-e-fiere-fr\/on-sera-a-sommet-de-lelevage-2023\/","og_locale":"fr_FR","og_type":"article","og_title":"ON SERA \u00e0 SOMMET DE L\u2019ELEVAGE 2023 &#8211; Iaber innovation","og_description":"Du 3 au 6 octobre le staff de Cryofarm-Iaber sera au SOMMET DE L\u2019ELEVAGE 2023 \u00e0 La Grande Halle d\u2019Auvergne Clemont Ferrand, en France. Venez nous voir dans la HALL 1, au stand A39 avec notre grande vari\u00e9t\u00e9 d\u2019\u00e9quipements de zootechnie et v\u00e9t\u00e9rinaire et notre large choix de r\u00e9servoirs pour azote liquide. Nous serons pr\u00e9sents&hellip;","og_url":"https:\/\/iaber.it\/fr\/eventi-e-fiere-fr\/on-sera-a-sommet-de-lelevage-2023\/","og_site_name":"Iaber innovation","article_published_time":"2023-09-07T13:42:31+00:00","article_modified_time":"2023-09-07T14:19:25+00:00","og_image":[{"width":1024,"height":575,"url":"https:\/\/iaber.it\/wp-content\/uploads\/2023\/09\/sommet-2023.jpg","type":"image\/jpeg"}],"author":"michele","twitter_card":"summary_large_image","twitter_misc":{"\u00c9crit par":"michele","Dur\u00e9e de lecture estim\u00e9e":"1 minute"},"schema":{"@context":"https:\/\/schema.org","@graph":[{"@type":"Article","@id":"https:\/\/iaber.it\/fr\/eventi-e-fiere-fr\/on-sera-a-sommet-de-lelevage-2023\/#article","isPartOf":{"@id":"https:\/\/iaber.it\/fr\/eventi-e-fiere-fr\/on-sera-a-sommet-de-lelevage-2023\/"},"author":{"name":"michele","@id":"https:\/\/iaber.it\/#\/schema\/person\/83a3a4ee81d8e88d4dfce1f94326d296"},"headline":"ON SERA \u00e0 SOMMET DE L\u2019ELEVAGE 2023","datePublished":"2023-09-07T13:42:31+00:00","dateModified":"2023-09-07T14:19:25+00:00","mainEntityOfPage":{"@id":"https:\/\/iaber.it\/fr\/eventi-e-fiere-fr\/on-sera-a-sommet-de-lelevage-2023\/"},"wordCount":84,"publisher":{"@id":"https:\/\/iaber.it\/#organization"},"image":{"@id":"https:\/\/iaber.it\/fr\/eventi-e-fiere-fr\/on-sera-a-sommet-de-lelevage-2023\/#primaryimage"},"thumbnailUrl":"https:\/\/iaber.it\/wp-content\/uploads\/2023\/09\/sommet-2023.jpg","articleSection":["\u00c9v\u00e9nements"],"inLanguage":"fr-FR"},{"@type":"WebPage","@id":"https:\/\/iaber.it\/fr\/eventi-e-fiere-fr\/on-sera-a-sommet-de-lelevage-2023\/","url":"https:\/\/iaber.it\/fr\/eventi-e-fiere-fr\/on-sera-a-sommet-de-lelevage-2023\/","name":"ON SERA \u00e0 SOMMET DE L\u2019ELEVAGE 2023 &#8211; Iaber innovation","isPartOf":{"@id":"https:\/\/iaber.it\/#website"},"primaryImageOfPage":{"@id":"https:\/\/iaber.it\/fr\/eventi-e-fiere-fr\/on-sera-a-sommet-de-lelevage-2023\/#primaryimage"},"image":{"@id":"https:\/\/iaber.it\/fr\/eventi-e-fiere-fr\/on-sera-a-sommet-de-lelevage-2023\/#primaryimage"},"thumbnailUrl":"https:\/\/iaber.it\/wp-content\/uploads\/2023\/09\/sommet-2023.jpg","datePublished":"2023-09-07T13:42:31+00:00","dateModified":"2023-09-07T14:19:25+00:00","breadcrumb":{"@id":"https:\/\/iaber.it\/fr\/eventi-e-fiere-fr\/on-sera-a-sommet-de-lelevage-2023\/#breadcrumb"},"inLanguage":"fr-FR","potentialAction":[{"@type":"ReadAction","target":["https:\/\/iaber.it\/fr\/eventi-e-fiere-fr\/on-sera-a-sommet-de-lelevage-2023\/"]}]},{"@type":"ImageObject","inLanguage":"fr-FR","@id":"https:\/\/iaber.it\/fr\/eventi-e-fiere-fr\/on-sera-a-sommet-de-lelevage-2023\/#primaryimage","url":"https:\/\/iaber.it\/wp-content\/uploads\/2023\/09\/sommet-2023.jpg","contentUrl":"https:\/\/iaber.it\/wp-content\/uploads\/2023\/09\/sommet-2023.jpg","width":1024,"height":575},{"@type":"BreadcrumbList","@id":"https:\/\/iaber.it\/fr\/eventi-e-fiere-fr\/on-sera-a-sommet-de-lelevage-2023\/#breadcrumb","itemListElement":[{"@type":"ListItem","position":1,"name":"Home","item":"https:\/\/iaber.it\/fr\/"},{"@type":"ListItem","position":2,"name":"ON SERA \u00e0 SOMMET DE L\u2019ELEVAGE 2023"}]},{"@type":"WebSite","@id":"https:\/\/iaber.it\/#website","url":"https:\/\/iaber.it\/","name":"Iaber.it - Attrezzature veterinarie e zootecniche","description":"Attrezzature veterinarie e zootecniche","publisher":{"@id":"https:\/\/iaber.it\/#organization"},"alternateName":"Iaber","potentialAction":[{"@type":"SearchAction","target":{"@type":"EntryPoint","urlTemplate":"https:\/\/iaber.it\/?s={search_term_string}"},"query-input":{"@type":"PropertyValueSpecification","valueRequired":true,"valueName":"search_term_string"}}],"inLanguage":"fr-FR"},{"@type":"Organization","@id":"https:\/\/iaber.it\/#organization","name":"Iaber innovation","alternateName":"Iaber","url":"https:\/\/iaber.it\/","logo":{"@type":"ImageObject","inLanguage":"fr-FR","@id":"https:\/\/iaber.it\/#\/schema\/logo\/image\/","url":"https:\/\/iaber.it\/wp-content\/uploads\/2022\/11\/logo.svg","contentUrl":"https:\/\/iaber.it\/wp-content\/uploads\/2022\/11\/logo.svg","width":"1024","height":"1024","caption":"Iaber innovation"},"image":{"@id":"https:\/\/iaber.it\/#\/schema\/logo\/image\/"}},{"@type":"Person","@id":"https:\/\/iaber.it\/#\/schema\/person\/83a3a4ee81d8e88d4dfce1f94326d296","name":"michele","image":{"@type":"ImageObject","inLanguage":"fr-FR","@id":"https:\/\/iaber.it\/#\/schema\/person\/image\/","url":"https:\/\/secure.gravatar.com\/avatar\/9be747caa0bd70c8d68d8d98dc60b41043ecbb763061398703627c5cc8c763e8?s=96&d=mm&r=g","contentUrl":"https:\/\/secure.gravatar.com\/avatar\/9be747caa0bd70c8d68d8d98dc60b41043ecbb763061398703627c5cc8c763e8?s=96&d=mm&r=g","caption":"michele"},"url":"https:\/\/iaber.it\/fr\/author\/michele\/"}]}},"jetpack_featured_media_url":"https:\/\/iaber.it\/wp-content\/uploads\/2023\/09\/sommet-2023.jpg","jetpack_sharing_enabled":true,"_links":{"self":[{"href":"https:\/\/iaber.it\/fr\/wp-json\/wp\/v2\/posts\/38602","targetHints":{"allow":["GET"]}}],"collection":[{"href":"https:\/\/iaber.it\/fr\/wp-json\/wp\/v2\/posts"}],"about":[{"href":"https:\/\/iaber.it\/fr\/wp-json\/wp\/v2\/types\/post"}],"author":[{"embeddable":true,"href":"https:\/\/iaber.it\/fr\/wp-json\/wp\/v2\/users\/3"}],"replies":[{"embeddable":true,"href":"https:\/\/iaber.it\/fr\/wp-json\/wp\/v2\/comments?post=38602"}],"version-history":[{"count":1,"href":"https:\/\/iaber.it\/fr\/wp-json\/wp\/v2\/posts\/38602\/revisions"}],"predecessor-version":[{"id":38603,"href":"https:\/\/iaber.it\/fr\/wp-json\/wp\/v2\/posts\/38602\/revisions\/38603"}],"wp:featuredmedia":[{"embeddable":true,"href":"https:\/\/iaber.it\/fr\/wp-json\/wp\/v2\/media\/38609"}],"wp:attachment":[{"href":"https:\/\/iaber.it\/fr\/wp-json\/wp\/v2\/media?parent=38602"}],"wp:term":[{"taxonomy":"category","embeddable":true,"href":"https:\/\/iaber.it\/fr\/wp-json\/wp\/v2\/categories?post=38602"},{"taxonomy":"post_tag","embeddable":true,"href":"https:\/\/iaber.it\/fr\/wp-json\/wp\/v2\/tags?post=38602"}],"curies":[{"name":"wp","href":"https:\/\/api.w.org\/{rel}","templated":true}]}}